{"id":116,"date":"2015-09-30T12:38:44","date_gmt":"2015-09-30T12:38:44","guid":{"rendered":"http:\/\/www.edicionesplatea.com\/blog\/?p=116"},"modified":"2025-02-09T19:00:28","modified_gmt":"2025-02-09T19:00:28","slug":"batalla-de-noordhorn-1581-francisco-verdugo-derrota-a-los-anglo-holandeses","status":"publish","type":"post","link":"https:\/\/www.edicionesplatea.com\/blog\/batalla-de-noordhorn-1581-francisco-verdugo-derrota-a-los-anglo-holandeses\/","title":{"rendered":"Batalla de Noordhorn 1581 &#8211; Francisco Verdugo derrota a los Anglo-Holandeses"},"content":{"rendered":"\n<p>Hoy es el 434 aniversario de la BATALLA DE NOORDHORN, en la que el coronel Francisco Verdugo derrot\u00f3 con sus tropas al general ingl\u00e9s John Norreys y a Luis de Nassau, que ten\u00edan ej\u00e9rcito anglo-holand\u00e9s muy superior.<\/p>\n\n\n\n<figure class=\"wp-block-image\"><a href=\"http:\/\/www.edicionesplatea.com\/blog\/wp-content\/uploads\/2015\/09\/1.jpg\"><img loading=\"lazy\" decoding=\"async\" width=\"960\" height=\"482\" src=\"http:\/\/www.edicionesplatea.com\/blog\/wp-content\/uploads\/2015\/09\/1.jpg\" alt=\"La Guerra de Frisia \" class=\"wp-image-303\" srcset=\"https:\/\/www.edicionesplatea.com\/blog\/wp-content\/uploads\/2015\/09\/1.jpg 960w, https:\/\/www.edicionesplatea.com\/blog\/wp-content\/uploads\/2015\/09\/1-300x151.jpg 300w, https:\/\/www.edicionesplatea.com\/blog\/wp-content\/uploads\/2015\/09\/1-768x386.jpg 768w\" sizes=\"auto, (max-width: 960px) 100vw, 960px\" \/><\/a><\/figure>\n\n\n\n<p><\/p>\n\n\n\n<p>Cuenta Verdugo en sus cr\u00f3nicas: \u00abEsto sucedi\u00f3 un s\u00e1bado, el \u00faltimo d\u00eda de septiembre y de San Jer\u00f3nimo, del a\u00f1o 1581. Murieron del enemigo veinticuatro capitanes y dos tenientes coroneles, quedando uno preso, y el general Norreys fue herido en una mano de la que ha quedado manco, perdiendo tambi\u00e9n las cinco piezas de artiller\u00eda. Este es el general que llevaba a la gente de guerra a su cargo cuando fueron a sitiar Lisboa [la Contra Armada] los a\u00f1os pasados\u00bb.<\/p>\n\n\n\n<p>\u00abSe capturaron todas las banderas excepto una que salv\u00f3 uno de a caballo. Murieron de los enemigos de dos a tres mil hombres. Pocas veces es cierto el n\u00famero de los muertos que en tales casos se dice, pero el parecer com\u00fan de los que lo vieron fue este\u00bb. La batalla y el resto de las campa\u00f1as militares de la cr\u00f3nica de Verdugo se encuentra publicadas en nuestra colecci\u00f3n Historia de los Conflictos.<\/p>\n\n\n\n<p><strong><a href=\"https:\/\/edicionessalamina.com\/p\/la-guerra-de-frisia-hugo-a-canete\">QUIERO EL LIBRO<\/a><\/strong><\/p>\n","protected":false},"excerpt":{"rendered":"<p>Hoy es el 434 aniversario de la BATALLA DE NOORDHORN, en la que el coronel Francisco Verdugo derrot\u00f3 con sus tropas al general ingl\u00e9s John Norreys y a Luis de Nassau, que ten\u00edan ej\u00e9rcito anglo-holand\u00e9s muy superior. Cuenta Verdugo en &hellip; <a href=\"https:\/\/www.edicionesplatea.com\/blog\/batalla-de-noordhorn-1581-francisco-verdugo-derrota-a-los-anglo-holandeses\/\">Sigue leyendo <span class=\"meta-nav\">&rarr;<\/span><\/a><\/p>\n","protected":false},"author":1,"featured_media":0,"comment_status":"open","ping_status":"open","sticky":false,"template":"","format":"standard","meta":{"footnotes":""},"categories":[45],"tags":[88,49,47,46],"class_list":["post-116","post","type-post","status-publish","format-standard","hentry","category-la-guerra-de-frisia","tag-batalla-de-noordhorn","tag-frisia","tag-tercios","tag-verdugo"],"_links":{"self":[{"href":"https:\/\/www.edicionesplatea.com\/blog\/wp-json\/wp\/v2\/posts\/116","targetHints":{"allow":["GET"]}}],"collection":[{"href":"https:\/\/www.edicionesplatea.com\/blog\/wp-json\/wp\/v2\/posts"}],"about":[{"href":"https:\/\/www.edicionesplatea.com\/blog\/wp-json\/wp\/v2\/types\/post"}],"author":[{"embeddable":true,"href":"https:\/\/www.edicionesplatea.com\/blog\/wp-json\/wp\/v2\/users\/1"}],"replies":[{"embeddable":true,"href":"https:\/\/www.edicionesplatea.com\/blog\/wp-json\/wp\/v2\/comments?post=116"}],"version-history":[{"count":4,"href":"https:\/\/www.edicionesplatea.com\/blog\/wp-json\/wp\/v2\/posts\/116\/revisions"}],"predecessor-version":[{"id":2259,"href":"https:\/\/www.edicionesplatea.com\/blog\/wp-json\/wp\/v2\/posts\/116\/revisions\/2259"}],"wp:attachment":[{"href":"https:\/\/www.edicionesplatea.com\/blog\/wp-json\/wp\/v2\/media?parent=116"}],"wp:term":[{"taxonomy":"category","embeddable":true,"href":"https:\/\/www.edicionesplatea.com\/blog\/wp-json\/wp\/v2\/categories?post=116"},{"taxonomy":"post_tag","embeddable":true,"href":"https:\/\/www.edicionesplatea.com\/blog\/wp-json\/wp\/v2\/tags?post=116"}],"curies":[{"name":"wp","href":"https:\/\/api.w.org\/{rel}","templated":true}]}}