{"id":114,"date":"2015-10-27T12:32:35","date_gmt":"2015-10-27T12:32:35","guid":{"rendered":"http:\/\/www.edicionesplatea.com\/blog\/?p=114"},"modified":"2025-02-09T19:06:02","modified_gmt":"2025-02-09T19:06:02","slug":"la-guerra-operacional-en-los-conflictos-arable-israelies","status":"publish","type":"post","link":"https:\/\/www.edicionesplatea.com\/blog\/la-guerra-operacional-en-los-conflictos-arable-israelies\/","title":{"rendered":"La Guerra a Nivel Operacional en los conflictos \u00c1rabe-Israel\u00edes"},"content":{"rendered":"\n<p>Los israel\u00edes fueron ir\u00f3nicamente los dignos sucesores de la Blitzkrieg o forma alemana de hacer la guerra.<\/p>\n\n\n<div class=\"wp-block-image\">\n<figure class=\"aligncenter\"><a href=\"http:\/\/www.edicionesplatea.com\/blog\/wp-content\/uploads\/2015\/10\/De-la-Blitzkrieg-a-Tormenta-del-Desierto-Robert-Citino-Ediciones-Salamina-3.jpg\"><img loading=\"lazy\" decoding=\"async\" width=\"960\" height=\"619\" src=\"http:\/\/www.edicionesplatea.com\/blog\/wp-content\/uploads\/2015\/10\/De-la-Blitzkrieg-a-Tormenta-del-Desierto-Robert-Citino-Ediciones-Salamina-3.jpg\" alt=\"\" class=\"wp-image-489\" srcset=\"https:\/\/www.edicionesplatea.com\/blog\/wp-content\/uploads\/2015\/10\/De-la-Blitzkrieg-a-Tormenta-del-Desierto-Robert-Citino-Ediciones-Salamina-3.jpg 960w, https:\/\/www.edicionesplatea.com\/blog\/wp-content\/uploads\/2015\/10\/De-la-Blitzkrieg-a-Tormenta-del-Desierto-Robert-Citino-Ediciones-Salamina-3-300x193.jpg 300w, https:\/\/www.edicionesplatea.com\/blog\/wp-content\/uploads\/2015\/10\/De-la-Blitzkrieg-a-Tormenta-del-Desierto-Robert-Citino-Ediciones-Salamina-3-768x495.jpg 768w\" sizes=\"auto, (max-width: 960px) 100vw, 960px\" \/><\/a><\/figure>\n<\/div>\n\n\n<p><\/p>\n\n\n\n<p>Incluso fueron un paso m\u00e1s all\u00e1, ganando las guerras antes de que empezaran. Los observadores de los ej\u00e9rcitos occidentales estaban asombrados. Los estados mayores israel\u00edes no ten\u00edan planes y se vanagloriaban de ello, y los soldados con la cabellera y la barba crecidas no saludaban a los oficiales.<\/p>\n\n\n\n<p>\u00bfC\u00f3mo pod\u00eda un ej\u00e9rcito cuyos estados mayores no planificaban con antelaci\u00f3n y cuyo nivel de disciplina era tan relajado ser una mort\u00edfera maquinaria de combate? Pr\u00f3ximamente <a class=\"_58cn\" href=\"https:\/\/www.facebook.com\/hashtag\/citino?source=feed_text&amp;story_id=1159050240791374\" data-ft=\"{&quot;tn&quot;:&quot;*N&quot;,&quot;type&quot;:104}\"><span class=\"_58cl\">\u202a#\u200e<\/span><span class=\"_58cm\">Citino\u202c<\/span><\/a> De la Blitzkrieg a Tormenta del Desierto.<\/p>\n\n\n\n<p><strong><a href=\"https:\/\/edicionessalamina.com\/p\/de-la-blitzkrieg-a-tormenta-del-desierto-robert-m-citino\">QUIERO EL LIBRO<\/a><\/strong><\/p>\n","protected":false},"excerpt":{"rendered":"<p>Los israel\u00edes fueron ir\u00f3nicamente los dignos sucesores de la Blitzkrieg o forma alemana de hacer la guerra. Incluso fueron un paso m\u00e1s all\u00e1, ganando las guerras antes de que empezaran. Los observadores de los ej\u00e9rcitos occidentales estaban asombrados. Los estados &hellip; <a href=\"https:\/\/www.edicionesplatea.com\/blog\/la-guerra-operacional-en-los-conflictos-arable-israelies\/\">Sigue leyendo <span class=\"meta-nav\">&rarr;<\/span><\/a><\/p>\n","protected":false},"author":1,"featured_media":0,"comment_status":"open","ping_status":"open","sticky":false,"template":"","format":"standard","meta":{"footnotes":""},"categories":[80],"tags":[87,86],"class_list":["post-114","post","type-post","status-publish","format-standard","hentry","category-de-la-blitzkrieg-a-tormenta-del-desierto","tag-guerra-oepracional","tag-guerras-arabe-israelies"],"_links":{"self":[{"href":"https:\/\/www.edicionesplatea.com\/blog\/wp-json\/wp\/v2\/posts\/114","targetHints":{"allow":["GET"]}}],"collection":[{"href":"https:\/\/www.edicionesplatea.com\/blog\/wp-json\/wp\/v2\/posts"}],"about":[{"href":"https:\/\/www.edicionesplatea.com\/blog\/wp-json\/wp\/v2\/types\/post"}],"author":[{"embeddable":true,"href":"https:\/\/www.edicionesplatea.com\/blog\/wp-json\/wp\/v2\/users\/1"}],"replies":[{"embeddable":true,"href":"https:\/\/www.edicionesplatea.com\/blog\/wp-json\/wp\/v2\/comments?post=114"}],"version-history":[{"count":4,"href":"https:\/\/www.edicionesplatea.com\/blog\/wp-json\/wp\/v2\/posts\/114\/revisions"}],"predecessor-version":[{"id":2265,"href":"https:\/\/www.edicionesplatea.com\/blog\/wp-json\/wp\/v2\/posts\/114\/revisions\/2265"}],"wp:attachment":[{"href":"https:\/\/www.edicionesplatea.com\/blog\/wp-json\/wp\/v2\/media?parent=114"}],"wp:term":[{"taxonomy":"category","embeddable":true,"href":"https:\/\/www.edicionesplatea.com\/blog\/wp-json\/wp\/v2\/categories?post=114"},{"taxonomy":"post_tag","embeddable":true,"href":"https:\/\/www.edicionesplatea.com\/blog\/wp-json\/wp\/v2\/tags?post=114"}],"curies":[{"name":"wp","href":"https:\/\/api.w.org\/{rel}","templated":true}]}}