{"id":112,"date":"2015-10-17T12:27:57","date_gmt":"2015-10-17T12:27:57","guid":{"rendered":"http:\/\/www.edicionesplatea.com\/blog\/?p=112"},"modified":"2025-02-09T19:05:16","modified_gmt":"2025-02-09T19:05:16","slug":"francia-1940-la-carrera-hacia-el-canal","status":"publish","type":"post","link":"https:\/\/www.edicionesplatea.com\/blog\/francia-1940-la-carrera-hacia-el-canal\/","title":{"rendered":"Francia 1940 &#8211; La carrera hacia el Canal"},"content":{"rendered":"\n<p class=\"text_exposed_root text_exposed\" id=\"id_56a371fc889901d06366913\">Tripulaciones de los panzer reciben la rendici\u00f3n de tropas francesas. La Blitzkrieg de 1940, la carrera hacia el canal. La campa\u00f1a que se convertir\u00e1 en el grial de los estados mayores de todos los ej\u00e9rcitos del mundo.<\/p>\n\n\n<div class=\"wp-block-image\">\n<figure class=\"aligncenter\"><a href=\"http:\/\/www.edicionesplatea.com\/blog\/wp-content\/uploads\/2015\/10\/BL-P-1.jpg\"><img loading=\"lazy\" decoding=\"async\" width=\"759\" height=\"503\" src=\"http:\/\/www.edicionesplatea.com\/blog\/wp-content\/uploads\/2015\/10\/BL-P-1.jpg\" alt=\"Blitzkrieg a Tormenta del Desierto L P-1\" class=\"wp-image-307\" srcset=\"https:\/\/www.edicionesplatea.com\/blog\/wp-content\/uploads\/2015\/10\/BL-P-1.jpg 759w, https:\/\/www.edicionesplatea.com\/blog\/wp-content\/uploads\/2015\/10\/BL-P-1-300x199.jpg 300w\" sizes=\"auto, (max-width: 759px) 100vw, 759px\" \/><\/a><\/figure>\n<\/div>\n\n\n<p class=\"text_exposed_root text_exposed\"><\/p>\n\n\n\n<p>Uno de los c\u00falmenes de la guerra a nivel operacional. Ya falta menos para la salida de nuestro \u00faltimo libro De la Blitzkrieg a Tormenta del Desierto &#8211; La evoluci\u00f3n de la guerra a niv<span class=\"text_exposed_show\">el operacional, donde Robert M Citino desgrana y analiza las formas de hacer esta guerra y los sucesivos intentos que pusieron en pr\u00e1ctica rusos, norteamericanos, chinos, israel\u00edes, \u00e1rabes, e indios hasta llegar de nuevo al fabuloso gancho de izquierda de la Operaci\u00f3n Tormenta del Desierto en 1991&#8230; <\/span><\/p>\n\n\n\n<p><strong><a href=\"https:\/\/edicionessalamina.com\/p\/de-la-blitzkrieg-a-tormenta-del-desierto-robert-m-citino\">QUIERO EL LIBRO<\/a><\/strong><\/p>\n\n\n\n<p>&nbsp;<\/p>\n","protected":false},"excerpt":{"rendered":"<p>Tripulaciones de los panzer reciben la rendici\u00f3n de tropas francesas. La Blitzkrieg de 1940, la carrera hacia el canal. La campa\u00f1a que se convertir\u00e1 en el grial de los estados mayores de todos los ej\u00e9rcitos del mundo. Uno de los &hellip; <a href=\"https:\/\/www.edicionesplatea.com\/blog\/francia-1940-la-carrera-hacia-el-canal\/\">Sigue leyendo <span class=\"meta-nav\">&rarr;<\/span><\/a><\/p>\n","protected":false},"author":1,"featured_media":0,"comment_status":"open","ping_status":"open","sticky":false,"template":"","format":"standard","meta":{"footnotes":""},"categories":[80],"tags":[83,85,38,84],"class_list":["post-112","post","type-post","status-publish","format-standard","hentry","category-de-la-blitzkrieg-a-tormenta-del-desierto","tag-2gm","tag-blindados","tag-francia-1940","tag-panzer"],"_links":{"self":[{"href":"https:\/\/www.edicionesplatea.com\/blog\/wp-json\/wp\/v2\/posts\/112","targetHints":{"allow":["GET"]}}],"collection":[{"href":"https:\/\/www.edicionesplatea.com\/blog\/wp-json\/wp\/v2\/posts"}],"about":[{"href":"https:\/\/www.edicionesplatea.com\/blog\/wp-json\/wp\/v2\/types\/post"}],"author":[{"embeddable":true,"href":"https:\/\/www.edicionesplatea.com\/blog\/wp-json\/wp\/v2\/users\/1"}],"replies":[{"embeddable":true,"href":"https:\/\/www.edicionesplatea.com\/blog\/wp-json\/wp\/v2\/comments?post=112"}],"version-history":[{"count":3,"href":"https:\/\/www.edicionesplatea.com\/blog\/wp-json\/wp\/v2\/posts\/112\/revisions"}],"predecessor-version":[{"id":2264,"href":"https:\/\/www.edicionesplatea.com\/blog\/wp-json\/wp\/v2\/posts\/112\/revisions\/2264"}],"wp:attachment":[{"href":"https:\/\/www.edicionesplatea.com\/blog\/wp-json\/wp\/v2\/media?parent=112"}],"wp:term":[{"taxonomy":"category","embeddable":true,"href":"https:\/\/www.edicionesplatea.com\/blog\/wp-json\/wp\/v2\/categories?post=112"},{"taxonomy":"post_tag","embeddable":true,"href":"https:\/\/www.edicionesplatea.com\/blog\/wp-json\/wp\/v2\/tags?post=112"}],"curies":[{"name":"wp","href":"https:\/\/api.w.org\/{rel}","templated":true}]}}