{"id":109,"date":"2015-10-08T12:13:46","date_gmt":"2015-10-08T12:13:46","guid":{"rendered":"http:\/\/www.edicionesplatea.com\/blog\/?p=109"},"modified":"2025-02-09T19:04:23","modified_gmt":"2025-02-09T19:04:23","slug":"de-la-blitzkrieg-a-tormenta-del-desierto-robert-m-citino","status":"publish","type":"post","link":"https:\/\/www.edicionesplatea.com\/blog\/de-la-blitzkrieg-a-tormenta-del-desierto-robert-m-citino\/","title":{"rendered":"DE LA BLITZKRIEG A TORMENTA DEL DESIERTO &#8211; ROBERT M. CITINO"},"content":{"rendered":"\n<p><span id=\"fbPhotoSnowliftCaption\" class=\"fbPhotosPhotoCaption\" tabindex=\"0\" data-ft=\"{&quot;tn&quot;:&quot;K&quot;}\"><span class=\"hasCaption\">Vuelve CITINO. Os presentamos DE LA BLITZKRIEG A TORMENTA DEL DESIERTO &#8211; LA EVOLUCI\u00d3N DE LA GUERRA A NIVEL OPERACIONAL &#8211; Nuestra pr\u00f3xima novedad disponible en breve. Cuando Alemania lanz\u00f3 su \u00abBlitzkrieg\u00bb en Francia en 1940, cambi\u00f3 para siempre la forma de hacer la guerra en el mundo. A este carro se subi\u00f3 el Ej\u00e9rcito Rojo a finales de la guerra recuperando a su vez su vieja doctrina de la Guerra P<span class=\"text_exposed_show\">rofunda. Los Aliados tardaron m\u00e1s tiempo en entender este modo de hacer la guerra, descubriendo la guerra de maniobra con la operaci\u00f3n Cobra en 1944.<\/span><\/span><\/span><\/p>\n\n\n\n<figure class=\"wp-block-image size-large\"><img decoding=\"async\" src=\"https:\/\/edicionessalamina.com\/storage\/images\/image?remote=https%3A%2F%2Fedicionessalamina.com%2FWebRoot%2FepagesES%2FShops%2Fedicionessalamina%2F675F%2F1EE8%2F9063%2F08DD%2F4147%2F0A0C%2F05BE%2FCF69%2Fbl-salamina.png&amp;shop=edicionessalamina&amp;width=504&amp;height=2560\" alt=\"\"\/><\/figure>\n\n\n\n<p><span id=\"fbPhotoSnowliftCaption\" class=\"fbPhotosPhotoCaption\" tabindex=\"0\" data-ft=\"{&quot;tn&quot;:&quot;K&quot;}\"><\/span>Robert M. Citino analiza las campa\u00f1as militares de la segunda mitad del siglo XX para demostrar a\u00fan m\u00e1s la dificultad de lograr resultados decisivos a nivel operacional. Ofreciendo an\u00e1lisis operacionales detallados de campa\u00f1as reales, Citino describe c\u00f3mo las fuerzas de la ONU en Corea disfrutaron de superioridad tecnol\u00f3gica y del dominio del aire pero se encontraron con un enemigo invencible; proporciona an\u00e1lisis de las victorias operacionales israel\u00edes en las guerras Arabe-Israel\u00edes, la campa\u00f1a rel\u00e1mpago de la guerra Indo-Pakistan\u00ed de 1971 y la guerra sin sentido de Ir\u00e1n-Iraq, para luego analizar el escenario contemplado por la OTAN de haberse desencadenado la 3\u00aa Guerra Mundial en Europa durante los a\u00f1os de la guerra fr\u00eda.<\/p>\n\n\n\n<p>Finalmente se aborda la Guerra del Golfo de 1991, en la que la Operaci\u00f3n Tormenta del Desierto fue digna heredera de la cabalgada panzer hasta el mar del Norte en la campa\u00f1a de Francia de 1940&#8230;.<\/p>\n\n\n\n<p><strong><a href=\"https:\/\/edicionessalamina.com\/p\/de-la-blitzkrieg-a-tormenta-del-desierto-robert-m-citino\">QUIERO EL LIBRO<\/a><\/strong><\/p>\n\n\n\n<p><\/p>\n","protected":false},"excerpt":{"rendered":"<p>Vuelve CITINO. Os presentamos DE LA BLITZKRIEG A TORMENTA DEL DESIERTO &#8211; LA EVOLUCI\u00d3N DE LA GUERRA A NIVEL OPERACIONAL &#8211; Nuestra pr\u00f3xima novedad disponible en breve. Cuando Alemania lanz\u00f3 su \u00abBlitzkrieg\u00bb en Francia en 1940, cambi\u00f3 para siempre la &hellip; <a href=\"https:\/\/www.edicionesplatea.com\/blog\/de-la-blitzkrieg-a-tormenta-del-desierto-robert-m-citino\/\">Sigue leyendo <span class=\"meta-nav\">&rarr;<\/span><\/a><\/p>\n","protected":false},"author":1,"featured_media":0,"comment_status":"open","ping_status":"open","sticky":false,"template":"","format":"standard","meta":{"footnotes":""},"categories":[80],"tags":[81,12,82],"class_list":["post-109","post","type-post","status-publish","format-standard","hentry","category-de-la-blitzkrieg-a-tormenta-del-desierto","tag-blitzkrieg","tag-citino","tag-guerra-operacional"],"_links":{"self":[{"href":"https:\/\/www.edicionesplatea.com\/blog\/wp-json\/wp\/v2\/posts\/109","targetHints":{"allow":["GET"]}}],"collection":[{"href":"https:\/\/www.edicionesplatea.com\/blog\/wp-json\/wp\/v2\/posts"}],"about":[{"href":"https:\/\/www.edicionesplatea.com\/blog\/wp-json\/wp\/v2\/types\/post"}],"author":[{"embeddable":true,"href":"https:\/\/www.edicionesplatea.com\/blog\/wp-json\/wp\/v2\/users\/1"}],"replies":[{"embeddable":true,"href":"https:\/\/www.edicionesplatea.com\/blog\/wp-json\/wp\/v2\/comments?post=109"}],"version-history":[{"count":4,"href":"https:\/\/www.edicionesplatea.com\/blog\/wp-json\/wp\/v2\/posts\/109\/revisions"}],"predecessor-version":[{"id":2263,"href":"https:\/\/www.edicionesplatea.com\/blog\/wp-json\/wp\/v2\/posts\/109\/revisions\/2263"}],"wp:attachment":[{"href":"https:\/\/www.edicionesplatea.com\/blog\/wp-json\/wp\/v2\/media?parent=109"}],"wp:term":[{"taxonomy":"category","embeddable":true,"href":"https:\/\/www.edicionesplatea.com\/blog\/wp-json\/wp\/v2\/categories?post=109"},{"taxonomy":"post_tag","embeddable":true,"href":"https:\/\/www.edicionesplatea.com\/blog\/wp-json\/wp\/v2\/tags?post=109"}],"curies":[{"name":"wp","href":"https:\/\/api.w.org\/{rel}","templated":true}]}}