{"id":1059,"date":"2020-01-13T16:54:24","date_gmt":"2020-01-13T16:54:24","guid":{"rendered":"https:\/\/www.edicionesplatea.com\/blog\/?p=1059"},"modified":"2025-02-19T08:03:23","modified_gmt":"2025-02-19T08:03:23","slug":"de-la-blitzkrieg-a-los-ataques-frontales-los-estertores-del-heer-frente-a-moscu","status":"publish","type":"post","link":"https:\/\/www.edicionesplatea.com\/blog\/de-la-blitzkrieg-a-los-ataques-frontales-los-estertores-del-heer-frente-a-moscu\/","title":{"rendered":"De la Blitzkrieg a los ataques frontales. Los estertores del Heer frente a Mosc\u00fa"},"content":{"rendered":"<div class=\"wp-block-image is-resized\">\n<figure class=\"aligncenter size-large\"><img loading=\"lazy\" decoding=\"async\" width=\"1024\" height=\"716\" src=\"https:\/\/www.edicionesplatea.com\/blog\/wp-content\/uploads\/2020\/01\/Moscu\u0301-1941-David-Stahel-Ediciones-Salamina-ataque-frontal-1024x716.jpg\" alt=\"\" class=\"wp-image-1060\" srcset=\"https:\/\/www.edicionesplatea.com\/blog\/wp-content\/uploads\/2020\/01\/Moscu\u0301-1941-David-Stahel-Ediciones-Salamina-ataque-frontal-1024x716.jpg 1024w, https:\/\/www.edicionesplatea.com\/blog\/wp-content\/uploads\/2020\/01\/Moscu\u0301-1941-David-Stahel-Ediciones-Salamina-ataque-frontal-300x210.jpg 300w, https:\/\/www.edicionesplatea.com\/blog\/wp-content\/uploads\/2020\/01\/Moscu\u0301-1941-David-Stahel-Ediciones-Salamina-ataque-frontal-768x537.jpg 768w, https:\/\/www.edicionesplatea.com\/blog\/wp-content\/uploads\/2020\/01\/Moscu\u0301-1941-David-Stahel-Ediciones-Salamina-ataque-frontal-1536x1075.jpg 1536w, https:\/\/www.edicionesplatea.com\/blog\/wp-content\/uploads\/2020\/01\/Moscu\u0301-1941-David-Stahel-Ediciones-Salamina-ataque-frontal.jpg 1838w\" sizes=\"auto, (max-width: 1024px) 100vw, 1024px\" \/><figcaption class=\"wp-element-caption\">Mosc\u00fa 1941<\/figcaption><\/figure>\n<\/div>\n\n\n<p>\u00abAl norte de Mosc\u00fa, Reinhardt y Hoepner continuaban el avance con todas las fuerzas que pod\u00edan reunir. Poco quedaba de las r\u00e1pidas maniobras y operaciones de flanqueo que fueron caracter\u00edsticas de los grupos panzer en el verano y principios del oto\u00f1o; en su lugar, las tropas panzer se encontraron una posici\u00f3n preparada tras otra que tuvieron que asaltar, la mayor\u00eda de las veces frontalmente.<\/p>\n\n\n\n<p>El 21 de noviembre, el XXXXVI Cuerpo Panzer de Vietinghoff (integrado por las 5.\u00aa y 11.\u00aa Divisiones Panzer) inform\u00f3 de estar abri\u00e9ndose camino combatiendo a trav\u00e9s de densos bosques y zonas pantanosas donde encontraron T-34 camuflados que desafiaban cualquier intento de destrucci\u00f3n. Dos d\u00edas m\u00e1s tarde, el diario de operaciones del cuerpo panzer afirmaba: \u201cLa infanter\u00eda tiene que abrirse paso luchando palmo a palmo con cuchillos y granadas de mano. Tres francotiradores y armas pesadas bien atrincheradas causan grandes dificultades a las tropas\u201d.<\/p>\n\n\n\n<p>Este tipo de lucha se cobr\u00f3 su precio. La \u00fanica divisi\u00f3n panzer del XXXX Cuerpo Panzer de Stumme (la 10.\u00aa de Fischer) estaba tan debilitada para el 21 de noviembre que el diario de operaciones del cuerpo observ\u00f3: \u201cTras incontables combates, las p\u00e9rdidas de la 10.\u00aa Divisi\u00f3n Panzer han debilitado la divisi\u00f3n hasta tal punto que una operaci\u00f3n en solitario contra un fuerte oponente tiene pocas oportunidades de \u00e9xito\u201d.<\/p>\n\n\n\n<p><strong><a href=\"https:\/\/edicionessalamina.com\/p\/moscu-1941-david-stahel\">QUIERO EL LIBRO<\/a><\/strong><\/p>\n","protected":false},"excerpt":{"rendered":"<p>\u00abAl norte de Mosc\u00fa, Reinhardt y Hoepner continuaban el avance con todas las fuerzas que pod\u00edan reunir. Poco quedaba de las r\u00e1pidas maniobras y operaciones de flanqueo que fueron caracter\u00edsticas de los grupos panzer en el verano y principios del &hellip; <a href=\"https:\/\/www.edicionesplatea.com\/blog\/de-la-blitzkrieg-a-los-ataques-frontales-los-estertores-del-heer-frente-a-moscu\/\">Sigue leyendo <span class=\"meta-nav\">&rarr;<\/span><\/a><\/p>\n","protected":false},"author":2,"featured_media":0,"comment_status":"open","ping_status":"open","sticky":false,"template":"","format":"standard","meta":{"footnotes":""},"categories":[433],"tags":[150],"class_list":["post-1059","post","type-post","status-publish","format-standard","hentry","category-moscu-1941","tag-barbarroja"],"_links":{"self":[{"href":"https:\/\/www.edicionesplatea.com\/blog\/wp-json\/wp\/v2\/posts\/1059","targetHints":{"allow":["GET"]}}],"collection":[{"href":"https:\/\/www.edicionesplatea.com\/blog\/wp-json\/wp\/v2\/posts"}],"about":[{"href":"https:\/\/www.edicionesplatea.com\/blog\/wp-json\/wp\/v2\/types\/post"}],"author":[{"embeddable":true,"href":"https:\/\/www.edicionesplatea.com\/blog\/wp-json\/wp\/v2\/users\/2"}],"replies":[{"embeddable":true,"href":"https:\/\/www.edicionesplatea.com\/blog\/wp-json\/wp\/v2\/comments?post=1059"}],"version-history":[{"count":6,"href":"https:\/\/www.edicionesplatea.com\/blog\/wp-json\/wp\/v2\/posts\/1059\/revisions"}],"predecessor-version":[{"id":2496,"href":"https:\/\/www.edicionesplatea.com\/blog\/wp-json\/wp\/v2\/posts\/1059\/revisions\/2496"}],"wp:attachment":[{"href":"https:\/\/www.edicionesplatea.com\/blog\/wp-json\/wp\/v2\/media?parent=1059"}],"wp:term":[{"taxonomy":"category","embeddable":true,"href":"https:\/\/www.edicionesplatea.com\/blog\/wp-json\/wp\/v2\/categories?post=1059"},{"taxonomy":"post_tag","embeddable":true,"href":"https:\/\/www.edicionesplatea.com\/blog\/wp-json\/wp\/v2\/tags?post=1059"}],"curies":[{"name":"wp","href":"https:\/\/api.w.org\/{rel}","templated":true}]}}