{"id":105,"date":"2015-09-15T12:01:47","date_gmt":"2015-09-15T12:01:47","guid":{"rendered":"http:\/\/www.edicionesplatea.com\/blog\/?p=105"},"modified":"2025-03-04T22:11:54","modified_gmt":"2025-03-04T22:11:54","slug":"el-teniente-doumecq-y-su-char-b-el-carnicero-de-stonne","status":"publish","type":"post","link":"https:\/\/www.edicionesplatea.com\/blog\/el-teniente-doumecq-y-su-char-b-el-carnicero-de-stonne\/","title":{"rendered":"El teniente Doumecq y su Char B &#8211; \u00abEl carnicero de Stonne\u00bb"},"content":{"rendered":"\n<p class=\"text_exposed_root text_exposed\" id=\"id_56a36bb70339d7441330024\">Al d\u00eda siguiente el Char B \u00abRiquewihr\u00bb del 49\u00ba Bataillon de Chars de Combat extendi\u00f3 a\u00fan m\u00e1s el terror; su comandante, el lieutenant Doumecq recibi\u00f3 aquel d\u00eda de sus camaradas el sobrenombre de \u00able Boucher de Stonne\u00bb (el carnicero de Stonne).<\/p>\n\n\n<div class=\"wp-block-image\">\n<figure class=\"aligncenter\"><a href=\"http:\/\/www.edicionesplatea.com\/blog\/wp-content\/uploads\/2015\/09\/El-Mito-P-2.jpg\"><img loading=\"lazy\" decoding=\"async\" width=\"2427\" height=\"1626\" src=\"http:\/\/www.edicionesplatea.com\/blog\/wp-content\/uploads\/2015\/09\/El-Mito-P-2.jpg\" alt=\"El Mito P-2\" class=\"wp-image-289\" srcset=\"https:\/\/www.edicionesplatea.com\/blog\/wp-content\/uploads\/2015\/09\/El-Mito-P-2.jpg 2427w, https:\/\/www.edicionesplatea.com\/blog\/wp-content\/uploads\/2015\/09\/El-Mito-P-2-300x201.jpg 300w, https:\/\/www.edicionesplatea.com\/blog\/wp-content\/uploads\/2015\/09\/El-Mito-P-2-768x515.jpg 768w, https:\/\/www.edicionesplatea.com\/blog\/wp-content\/uploads\/2015\/09\/El-Mito-P-2-1024x686.jpg 1024w\" sizes=\"auto, (max-width: 2427px) 100vw, 2427px\" \/><\/a><\/figure>\n<\/div>\n\n\n<p class=\"text_exposed_root text_exposed\"><\/p>\n\n\n\n<p class=\"text_exposed_root text_exposed\">Eran las 17:00 cunado atac\u00f3 en direcci\u00f3n al pueblo a unos ochocientos metros al noroeste del cual se encontr\u00f3 con una columna<span class=\"text_exposed_show\"> de infantes alemanes que estaban tratando de cubrirse en un tramo de zanja junto al camino. Cuando estos infantes, imprudentemente, abrieron fuego con sus armas ligeras, el carro de combate simplemente rod\u00f3 por encima de toda la columna para, despu\u00e9s, disparando salvajemente en todas direcciones penetrar en el pueblo que estaba siendo defendido por hombres del Schutzen-Regiment 64, los cuales entraron en p\u00e1nico y huyeron de la localidad en cuanto vieron llegar disparando a aquel monstruo con las cadenas a\u00fan ensangrentadas&#8230;<\/span><\/p>\n\n\n\n<p class=\"text_exposed_root text_exposed\"><strong><a href=\"https:\/\/edicionessalamina.com\/p\/el-mito-de-la-blitzkrieg-karl-heinz-frieser\">QUIERO EL LIBRO<\/a><\/strong><\/p>\n","protected":false},"excerpt":{"rendered":"<p>Al d\u00eda siguiente el Char B \u00abRiquewihr\u00bb del 49\u00ba Bataillon de Chars de Combat extendi\u00f3 a\u00fan m\u00e1s el terror; su comandante, el lieutenant Doumecq recibi\u00f3 aquel d\u00eda de sus camaradas el sobrenombre de \u00able Boucher de Stonne\u00bb (el carnicero de &hellip; <a href=\"https:\/\/www.edicionesplatea.com\/blog\/el-teniente-doumecq-y-su-char-b-el-carnicero-de-stonne\/\">Sigue leyendo <span class=\"meta-nav\">&rarr;<\/span><\/a><\/p>\n","protected":false},"author":1,"featured_media":0,"comment_status":"open","ping_status":"open","sticky":false,"template":"","format":"standard","meta":{"footnotes":""},"categories":[34],"tags":[],"class_list":["post-105","post","type-post","status-publish","format-standard","hentry","category-el-mito-de-la-blitzkrieg"],"_links":{"self":[{"href":"https:\/\/www.edicionesplatea.com\/blog\/wp-json\/wp\/v2\/posts\/105","targetHints":{"allow":["GET"]}}],"collection":[{"href":"https:\/\/www.edicionesplatea.com\/blog\/wp-json\/wp\/v2\/posts"}],"about":[{"href":"https:\/\/www.edicionesplatea.com\/blog\/wp-json\/wp\/v2\/types\/post"}],"author":[{"embeddable":true,"href":"https:\/\/www.edicionesplatea.com\/blog\/wp-json\/wp\/v2\/users\/1"}],"replies":[{"embeddable":true,"href":"https:\/\/www.edicionesplatea.com\/blog\/wp-json\/wp\/v2\/comments?post=105"}],"version-history":[{"count":4,"href":"https:\/\/www.edicionesplatea.com\/blog\/wp-json\/wp\/v2\/posts\/105\/revisions"}],"predecessor-version":[{"id":2817,"href":"https:\/\/www.edicionesplatea.com\/blog\/wp-json\/wp\/v2\/posts\/105\/revisions\/2817"}],"wp:attachment":[{"href":"https:\/\/www.edicionesplatea.com\/blog\/wp-json\/wp\/v2\/media?parent=105"}],"wp:term":[{"taxonomy":"category","embeddable":true,"href":"https:\/\/www.edicionesplatea.com\/blog\/wp-json\/wp\/v2\/categories?post=105"},{"taxonomy":"post_tag","embeddable":true,"href":"https:\/\/www.edicionesplatea.com\/blog\/wp-json\/wp\/v2\/tags?post=105"}],"curies":[{"name":"wp","href":"https:\/\/api.w.org\/{rel}","templated":true}]}}