{"id":1045,"date":"2019-12-16T16:18:20","date_gmt":"2019-12-16T16:18:20","guid":{"rendered":"https:\/\/www.edicionesplatea.com\/blog\/?p=1045"},"modified":"2025-02-19T08:08:29","modified_gmt":"2025-02-19T08:08:29","slug":"victoria-espanola-decisiva-en-orbetello-1646-el-leon-contra-la-jauria-vol-ii","status":"publish","type":"post","link":"https:\/\/www.edicionesplatea.com\/blog\/victoria-espanola-decisiva-en-orbetello-1646-el-leon-contra-la-jauria-vol-ii\/","title":{"rendered":"Victoria espa\u00f1ola decisiva en Orbetello (1646) &#8211; El le\u00f3n contra la jaur\u00eda Vol. II"},"content":{"rendered":"\n<p>Ante el estancamiento en Catalu\u00f1a, en Francia se ide\u00f3 abrir un nuevo frente de lucha en un lugar inesperado, que proporcionara un \u00e9xito rotundo y a poca costa, que levantara su moral y hundiera la de sus enemigos.<\/p>\n\n\n<div class=\"wp-block-image is-resized\">\n<figure class=\"aligncenter size-large\"><img loading=\"lazy\" decoding=\"async\" width=\"1024\" height=\"768\" src=\"https:\/\/www.edicionesplatea.com\/blog\/wp-content\/uploads\/2019\/12\/El-leon-contra-la-jauria-Vol-II-Agustin-Rodriguez-Ediciones-Salamina-Orbetello-1024x768.jpg\" alt=\"\" class=\"wp-image-1046\" srcset=\"https:\/\/www.edicionesplatea.com\/blog\/wp-content\/uploads\/2019\/12\/El-leon-contra-la-jauria-Vol-II-Agustin-Rodriguez-Ediciones-Salamina-Orbetello-1024x768.jpg 1024w, https:\/\/www.edicionesplatea.com\/blog\/wp-content\/uploads\/2019\/12\/El-leon-contra-la-jauria-Vol-II-Agustin-Rodriguez-Ediciones-Salamina-Orbetello-300x225.jpg 300w, https:\/\/www.edicionesplatea.com\/blog\/wp-content\/uploads\/2019\/12\/El-leon-contra-la-jauria-Vol-II-Agustin-Rodriguez-Ediciones-Salamina-Orbetello-768x576.jpg 768w, https:\/\/www.edicionesplatea.com\/blog\/wp-content\/uploads\/2019\/12\/El-leon-contra-la-jauria-Vol-II-Agustin-Rodriguez-Ediciones-Salamina-Orbetello-1536x1152.jpg 1536w, https:\/\/www.edicionesplatea.com\/blog\/wp-content\/uploads\/2019\/12\/El-leon-contra-la-jauria-Vol-II-Agustin-Rodriguez-Ediciones-Salamina-Orbetello.jpg 1600w\" sizes=\"auto, (max-width: 1024px) 100vw, 1024px\" \/><figcaption class=\"wp-element-caption\">El Le\u00f3n contra la jaur\u00eda Vol.II<\/figcaption><\/figure>\n<\/div>\n\n\n<p>El objetivo fijado eran los \u00abpresidios\u00bb espa\u00f1oles en la costa italiana de Toscana, y para ello se prepar\u00f3 una gran expedici\u00f3n: La flota, al mando nuevamente de Brez\u00e9, zarp\u00f3 de Tol\u00f3n el 26 de abril de 1646, con el vicealmirante Daugnon y el jefe de escuadra Montigny como mandos subordinados. Constaba de 16 buques de combate, 4 urcas, 8 brulotes, 20 galeras y nada menos que 68 buques menores (tartanas, polacras y dem\u00e1s) para transportar el cuerpo  de desembarco, de unos 5.000 infantes y 500 jinetes al mando del pr\u00edncipe Tom\u00e1s de Saboya, que no mucho antes era general al servicio de Felipe IV. Por supuesto con el correspondiente tren de asedio, municiones y provisiones de toda \u00edndole.<\/p>\n\n\n\n<p> El 9 de mayo fondeaban frente a su objetivo, tomando r\u00e1pidamente los peque\u00f1os fortines de Santo Stefano y de Telam\u00f3n, con menos de 100 defensores, pero resistiendo el mayor de Orbetello, pese a no disponer sino de 200 defensores. Hubo que desembarcar la artiller\u00eda y el material de asedio, cosa que se efectu\u00f3 el 14 de mayo, pero los trabajos avanzaron lentamente, provocando las iras del impaciente Mazarino. <\/p>\n\n\n\n<p>La plaza la defend\u00edan los 200 soldados espa\u00f1oles e italianos mencionados, al mando de un gran capit\u00e1n de N\u00e1poles, D. Carlos de la Gatta, quien recibi\u00f3 alg\u00fan socorro urgente enviado por el virrey de N\u00e1poles, conducido audazmente nada menos que por un Baz\u00e1n, el nieto del gran D. \u00c1lvaro, en sus galeras. Pero el 21 qued\u00f3 circunvalada por entero la plaza y tales auxilios ya eran imposibles.<\/p>\n\n\n\n<p>En Espa\u00f1a la noticia del ataque lleg\u00f3 pronto, organiz\u00e1ndose a toda prisa una armada de socorro, reuni\u00e9ndose una flota de 22 veleros, entre galeones, urcas y fragatas, mas cuatro brulotes y unas 30 galeras, entre las de las escuadras de Espa\u00f1a, N\u00e1poles, Sicilia, Cerde\u00f1a y G\u00e9nova. Correspondi\u00f3 el mando supremo al Conde de Linares, por ser el Capit\u00e1n General de ellas y tener lugar la campa\u00f1a en el Mediterr\u00e1neo.<\/p>\n\n\n\n<p><strong><a href=\"https:\/\/www.edicionesplatea.com\/blog\/category\/el-leon-contra-la-jauria-vol-ii\/\">QUIERO EL LIBRO<\/a><\/strong><\/p>\n","protected":false},"excerpt":{"rendered":"<p>Ante el estancamiento en Catalu\u00f1a, en Francia se ide\u00f3 abrir un nuevo frente de lucha en un lugar inesperado, que proporcionara un \u00e9xito rotundo y a poca costa, que levantara su moral y hundiera la de sus enemigos. El objetivo &hellip; <a href=\"https:\/\/www.edicionesplatea.com\/blog\/victoria-espanola-decisiva-en-orbetello-1646-el-leon-contra-la-jauria-vol-ii\/\">Sigue leyendo <span class=\"meta-nav\">&rarr;<\/span><\/a><\/p>\n","protected":false},"author":2,"featured_media":0,"comment_status":"open","ping_status":"open","sticky":false,"template":"","format":"standard","meta":{"footnotes":""},"categories":[444],"tags":[445,47],"class_list":["post-1045","post","type-post","status-publish","format-standard","hentry","category-el-leon-contra-la-jauria-vol-ii","tag-imperio-espanol","tag-tercios"],"_links":{"self":[{"href":"https:\/\/www.edicionesplatea.com\/blog\/wp-json\/wp\/v2\/posts\/1045","targetHints":{"allow":["GET"]}}],"collection":[{"href":"https:\/\/www.edicionesplatea.com\/blog\/wp-json\/wp\/v2\/posts"}],"about":[{"href":"https:\/\/www.edicionesplatea.com\/blog\/wp-json\/wp\/v2\/types\/post"}],"author":[{"embeddable":true,"href":"https:\/\/www.edicionesplatea.com\/blog\/wp-json\/wp\/v2\/users\/2"}],"replies":[{"embeddable":true,"href":"https:\/\/www.edicionesplatea.com\/blog\/wp-json\/wp\/v2\/comments?post=1045"}],"version-history":[{"count":5,"href":"https:\/\/www.edicionesplatea.com\/blog\/wp-json\/wp\/v2\/posts\/1045\/revisions"}],"predecessor-version":[{"id":2502,"href":"https:\/\/www.edicionesplatea.com\/blog\/wp-json\/wp\/v2\/posts\/1045\/revisions\/2502"}],"wp:attachment":[{"href":"https:\/\/www.edicionesplatea.com\/blog\/wp-json\/wp\/v2\/media?parent=1045"}],"wp:term":[{"taxonomy":"category","embeddable":true,"href":"https:\/\/www.edicionesplatea.com\/blog\/wp-json\/wp\/v2\/categories?post=1045"},{"taxonomy":"post_tag","embeddable":true,"href":"https:\/\/www.edicionesplatea.com\/blog\/wp-json\/wp\/v2\/tags?post=1045"}],"curies":[{"name":"wp","href":"https:\/\/api.w.org\/{rel}","templated":true}]}}