{"id":103,"date":"2015-09-04T11:58:38","date_gmt":"2015-09-04T11:58:38","guid":{"rendered":"http:\/\/www.edicionesplatea.com\/blog\/?p=103"},"modified":"2025-03-04T22:10:18","modified_gmt":"2025-03-04T22:10:18","slug":"el-general-raus-critica-abietamente-a-hitler-en-una-reunion-con-himmler","status":"publish","type":"post","link":"https:\/\/www.edicionesplatea.com\/blog\/el-general-raus-critica-abietamente-a-hitler-en-una-reunion-con-himmler\/","title":{"rendered":"El general Raus critica abiertamente a Hitler en una reuni\u00f3n con Himmler"},"content":{"rendered":"\n<p><span id=\"fbPhotoSnowliftCaption\" class=\"fbPhotosPhotoCaption\" tabindex=\"0\" data-ft=\"{&quot;tn&quot;:&quot;K&quot;}\"><span class=\"hasCaption\">(Palabras de Raus a Himmler en referencia a Hitler en una reuni\u00f3n de 1945 en el Cuartel General del Grupo de Ej\u00e9rcitos del V\u00edstula): <\/span><\/span><\/p>\n\n\n\n<figure class=\"wp-block-image is-resized\"><a href=\"http:\/\/www.edicionesplatea.com\/blog\/wp-content\/uploads\/2015\/05\/OP-3.jpg\"><img loading=\"lazy\" decoding=\"async\" width=\"3543\" height=\"2314\" src=\"http:\/\/www.edicionesplatea.com\/blog\/wp-content\/uploads\/2015\/05\/OP-3.jpg\" alt=\"OP-3\" class=\"wp-image-237\" style=\"width:631px;height:auto\" srcset=\"https:\/\/www.edicionesplatea.com\/blog\/wp-content\/uploads\/2015\/05\/OP-3.jpg 3543w, https:\/\/www.edicionesplatea.com\/blog\/wp-content\/uploads\/2015\/05\/OP-3-300x196.jpg 300w, https:\/\/www.edicionesplatea.com\/blog\/wp-content\/uploads\/2015\/05\/OP-3-768x502.jpg 768w, https:\/\/www.edicionesplatea.com\/blog\/wp-content\/uploads\/2015\/05\/OP-3-1024x669.jpg 1024w\" sizes=\"auto, (max-width: 3543px) 100vw, 3543px\" \/><\/a><\/figure>\n\n\n\n<p><\/p>\n\n\n\n<p><span id=\"fbPhotoSnowliftCaption\" class=\"fbPhotosPhotoCaption\" tabindex=\"0\" data-ft=\"{&quot;tn&quot;:&quot;K&quot;}\"><span class=\"hasCaption\">\u201cEl Mando Supremo ha perdido toda noci\u00f3n de tiempo y espacio y su relaci\u00f3n con el poder militar, y est\u00e1 ejerciendo un completo control sobre los comandantes subordinados de los grupos de ej\u00e9rcitos y de los ej\u00e9rcitos de tal manera que solo pue<span class=\"text_exposed_show\">den impartir \u00f3rdenes con las manos atadas y con una soga colgando sobre sus cabezas. Deben cumplir \u00f3rdenes imposibles bajo pena de muerte y a cambio son vergonzosamente excluidos y condenados como traidores a su pa\u00eds si el resultado de la batalla es desfavorable\u201d. <\/span><\/span><\/span><\/p>\n\n\n\n<p><span id=\"fbPhotoSnowliftCaption\" class=\"fbPhotosPhotoCaption\" tabindex=\"0\" data-ft=\"{&quot;tn&quot;:&quot;K&quot;}\"><span class=\"hasCaption\"><span class=\"text_exposed_show\">En este punto me detuve en espera de alguna discrepancia por parte de Himmler, o de que se impartieran \u00f3rdenes para mi arresto inmediato&#8230;<\/span><\/span><\/span><\/p>\n\n\n\n<p><a href=\"https:\/\/tienda.edicionesplatea.com\/epages\/edicionesplatea.sf\/es_ES\/?ObjectPath=\/Shops\/edicionesplatea\/Products\/15\"><span id=\"fbPhotoSnowliftCaption\" class=\"fbPhotosPhotoCaption\" tabindex=\"0\" data-ft=\"{&quot;tn&quot;:&quot;K&quot;}\"><span class=\"hasCaption\"><span class=\"text_exposed_show\"> <\/span><\/span><\/span><\/a><strong><a href=\"https:\/\/edicionessalamina.com\/p\/operaciones-panzer-erhard-raus\">QUIERO EL LIBRO<\/a><\/strong><\/p>\n","protected":false},"excerpt":{"rendered":"<p>(Palabras de Raus a Himmler en referencia a Hitler en una reuni\u00f3n de 1945 en el Cuartel General del Grupo de Ej\u00e9rcitos del V\u00edstula): \u201cEl Mando Supremo ha perdido toda noci\u00f3n de tiempo y espacio y su relaci\u00f3n con el &hellip; <a href=\"https:\/\/www.edicionesplatea.com\/blog\/el-general-raus-critica-abietamente-a-hitler-en-una-reunion-con-himmler\/\">Sigue leyendo <span class=\"meta-nav\">&rarr;<\/span><\/a><\/p>\n","protected":false},"author":1,"featured_media":0,"comment_status":"open","ping_status":"open","sticky":false,"template":"","format":"standard","meta":{"footnotes":""},"categories":[41],"tags":[78,77,42],"class_list":["post-103","post","type-post","status-publish","format-standard","hentry","category-operaciones-panzer","tag-grupo-de-ejercitos-del-vistula","tag-himmler","tag-raus"],"_links":{"self":[{"href":"https:\/\/www.edicionesplatea.com\/blog\/wp-json\/wp\/v2\/posts\/103","targetHints":{"allow":["GET"]}}],"collection":[{"href":"https:\/\/www.edicionesplatea.com\/blog\/wp-json\/wp\/v2\/posts"}],"about":[{"href":"https:\/\/www.edicionesplatea.com\/blog\/wp-json\/wp\/v2\/types\/post"}],"author":[{"embeddable":true,"href":"https:\/\/www.edicionesplatea.com\/blog\/wp-json\/wp\/v2\/users\/1"}],"replies":[{"embeddable":true,"href":"https:\/\/www.edicionesplatea.com\/blog\/wp-json\/wp\/v2\/comments?post=103"}],"version-history":[{"count":5,"href":"https:\/\/www.edicionesplatea.com\/blog\/wp-json\/wp\/v2\/posts\/103\/revisions"}],"predecessor-version":[{"id":2815,"href":"https:\/\/www.edicionesplatea.com\/blog\/wp-json\/wp\/v2\/posts\/103\/revisions\/2815"}],"wp:attachment":[{"href":"https:\/\/www.edicionesplatea.com\/blog\/wp-json\/wp\/v2\/media?parent=103"}],"wp:term":[{"taxonomy":"category","embeddable":true,"href":"https:\/\/www.edicionesplatea.com\/blog\/wp-json\/wp\/v2\/categories?post=103"},{"taxonomy":"post_tag","embeddable":true,"href":"https:\/\/www.edicionesplatea.com\/blog\/wp-json\/wp\/v2\/tags?post=103"}],"curies":[{"name":"wp","href":"https:\/\/api.w.org\/{rel}","templated":true}]}}